{"id":1931,"date":"2022-12-16T15:33:53","date_gmt":"2022-12-16T15:33:53","guid":{"rendered":"https:\/\/elevamontreal.com\/?p=1931"},"modified":"2022-12-16T15:34:36","modified_gmt":"2022-12-16T15:34:36","slug":"a-colourful-christmas-concert","status":"publish","type":"post","link":"https:\/\/elevamontreal.com\/en\/a-colourful-christmas-concert\/","title":{"rendered":"A colourful Christmas concert"},"content":{"rendered":"\t\t<div data-elementor-type=\"wp-post\" data-elementor-id=\"1931\" class=\"elementor elementor-1931 elementor-1930\" data-elementor-post-type=\"post\">\n\t\t\t\t\t\t<section class=\"elementor-section elementor-top-section elementor-element elementor-element-0ab2e3f elementor-section-full_width elementor-section-height-default elementor-section-height-default\" data-id=\"0ab2e3f\" data-element_type=\"section\" data-settings=\"{&quot;jet_parallax_layout_list&quot;:[{&quot;jet_parallax_layout_image&quot;:{&quot;url&quot;:&quot;&quot;,&quot;id&quot;:&quot;&quot;,&quot;size&quot;:&quot;&quot;},&quot;_id&quot;:&quot;3b365ef&quot;,&quot;jet_parallax_layout_image_tablet&quot;:{&quot;url&quot;:&quot;&quot;,&quot;id&quot;:&quot;&quot;,&quot;size&quot;:&quot;&quot;},&quot;jet_parallax_layout_image_mobile&quot;:{&quot;url&quot;:&quot;&quot;,&quot;id&quot;:&quot;&quot;,&quot;size&quot;:&quot;&quot;},&quot;jet_parallax_layout_speed&quot;:{&quot;unit&quot;:&quot;%&quot;,&quot;size&quot;:50,&quot;sizes&quot;:[]},&quot;jet_parallax_layout_type&quot;:&quot;scroll&quot;,&quot;jet_parallax_layout_direction&quot;:null,&quot;jet_parallax_layout_fx_direction&quot;:null,&quot;jet_parallax_layout_z_index&quot;:&quot;&quot;,&quot;jet_parallax_layout_bg_x&quot;:50,&quot;jet_parallax_layout_bg_x_tablet&quot;:&quot;&quot;,&quot;jet_parallax_layout_bg_x_mobile&quot;:&quot;&quot;,&quot;jet_parallax_layout_bg_y&quot;:50,&quot;jet_parallax_layout_bg_y_tablet&quot;:&quot;&quot;,&quot;jet_parallax_layout_bg_y_mobile&quot;:&quot;&quot;,&quot;jet_parallax_layout_bg_size&quot;:&quot;auto&quot;,&quot;jet_parallax_layout_bg_size_tablet&quot;:&quot;&quot;,&quot;jet_parallax_layout_bg_size_mobile&quot;:&quot;&quot;,&quot;jet_parallax_layout_animation_prop&quot;:&quot;transform&quot;,&quot;jet_parallax_layout_on&quot;:[&quot;desktop&quot;,&quot;tablet&quot;]}]}\">\n\t\t\t\t\t\t<div class=\"elementor-container elementor-column-gap-default\">\n\t\t\t\t\t<div class=\"elementor-column elementor-col-100 elementor-top-column elementor-element elementor-element-5040ccc\" data-id=\"5040ccc\" data-element_type=\"column\">\n\t\t\t<div class=\"elementor-widget-wrap elementor-element-populated\">\n\t\t\t\t\t\t<section class=\"elementor-section elementor-inner-section elementor-element elementor-element-2a5f019 elementor-section-boxed elementor-section-height-default elementor-section-height-default\" data-id=\"2a5f019\" data-element_type=\"section\" data-settings=\"{&quot;jet_parallax_layout_list&quot;:[{&quot;jet_parallax_layout_image&quot;:{&quot;url&quot;:&quot;&quot;,&quot;id&quot;:&quot;&quot;,&quot;size&quot;:&quot;&quot;},&quot;_id&quot;:&quot;fc2247c&quot;,&quot;jet_parallax_layout_image_tablet&quot;:{&quot;url&quot;:&quot;&quot;,&quot;id&quot;:&quot;&quot;,&quot;size&quot;:&quot;&quot;},&quot;jet_parallax_layout_image_mobile&quot;:{&quot;url&quot;:&quot;&quot;,&quot;id&quot;:&quot;&quot;,&quot;size&quot;:&quot;&quot;},&quot;jet_parallax_layout_speed&quot;:{&quot;unit&quot;:&quot;%&quot;,&quot;size&quot;:50,&quot;sizes&quot;:[]},&quot;jet_parallax_layout_type&quot;:&quot;scroll&quot;,&quot;jet_parallax_layout_direction&quot;:null,&quot;jet_parallax_layout_fx_direction&quot;:null,&quot;jet_parallax_layout_z_index&quot;:&quot;&quot;,&quot;jet_parallax_layout_bg_x&quot;:50,&quot;jet_parallax_layout_bg_x_tablet&quot;:&quot;&quot;,&quot;jet_parallax_layout_bg_x_mobile&quot;:&quot;&quot;,&quot;jet_parallax_layout_bg_y&quot;:50,&quot;jet_parallax_layout_bg_y_tablet&quot;:&quot;&quot;,&quot;jet_parallax_layout_bg_y_mobile&quot;:&quot;&quot;,&quot;jet_parallax_layout_bg_size&quot;:&quot;auto&quot;,&quot;jet_parallax_layout_bg_size_tablet&quot;:&quot;&quot;,&quot;jet_parallax_layout_bg_size_mobile&quot;:&quot;&quot;,&quot;jet_parallax_layout_animation_prop&quot;:&quot;transform&quot;,&quot;jet_parallax_layout_on&quot;:[&quot;desktop&quot;,&quot;tablet&quot;]}]}\">\n\t\t\t\t\t\t<div class=\"elementor-container elementor-column-gap-default\">\n\t\t\t\t\t<div class=\"elementor-column elementor-col-33 elementor-inner-column elementor-element elementor-element-72014ed\" data-id=\"72014ed\" data-element_type=\"column\">\n\t\t\t<div class=\"elementor-widget-wrap\">\n\t\t\t\t\t\t\t<\/div>\n\t\t<\/div>\n\t\t\t\t<div class=\"raven-column-link elementor-column elementor-col-33 elementor-inner-column elementor-element elementor-element-e2d4046\" data-raven-link=\"https:\/\/youtu.be\/QXO9-RoKfBc\" data-raven-link-target=\"_self\" data-id=\"e2d4046\" data-element_type=\"column\">\n\t\t\t<div class=\"elementor-widget-wrap elementor-element-populated\">\n\t\t\t\t\t\t<div class=\"elementor-element elementor-element-2f6cc28 elementor-widget elementor-widget-video\" data-id=\"2f6cc28\" data-element_type=\"widget\" data-settings=\"{&quot;youtube_url&quot;:&quot;https:\\\/\\\/youtu.be\\\/CaICQ0yGZps&quot;,&quot;video_type&quot;:&quot;youtube&quot;,&quot;controls&quot;:&quot;yes&quot;}\" data-widget_type=\"video.default\">\n\t\t\t\t<div class=\"elementor-widget-container\">\n\t\t\t\t\t\t\t<div class=\"elementor-wrapper elementor-open-inline\">\n\t\t\t<div class=\"elementor-video\"><\/div>\t\t<\/div>\n\t\t\t\t\t\t<\/div>\n\t\t\t\t<\/div>\n\t\t\t\t\t<\/div>\n\t\t<\/div>\n\t\t\t\t<div class=\"elementor-column elementor-col-33 elementor-inner-column elementor-element elementor-element-6b81c51\" data-id=\"6b81c51\" data-element_type=\"column\">\n\t\t\t<div class=\"elementor-widget-wrap\">\n\t\t\t\t\t\t\t<\/div>\n\t\t<\/div>\n\t\t\t\t\t<\/div>\n\t\t<\/section>\n\t\t\t\t<div class=\"elementor-element elementor-element-aabfd84 elementor-widget elementor-widget-text-editor\" data-id=\"aabfd84\" data-element_type=\"widget\" data-widget_type=\"text-editor.default\">\n\t\t\t\t<div class=\"elementor-widget-container\">\n\t\t\t\t\t\t\t\t\t<p>For Ir\u00e8ne and Gilles, each day is an opportunity to make new discoveries. Describing themselves as epicurious, they recently left the Outaouais region to settle in downtown Montreal, where all the events take place. For these frequent travellers, Eleva is the ideal place to enjoy life, just steps away from the best restaurants and a few streets away from the Quartier des spectacles. For this holiday video, the couple was treated to a personalized and charming concert in the heart of the Eleva complex.<br \/><br \/>Thanks to our special guest, singer Marc-Andr\u00e9 Fortin, who appears in the musical show D\u00e9cembre, which will run until December 29, 2022 at the th\u00e9\u00e2tre Maisonneuve of the Place des Arts.<\/p>\t\t\t\t\t\t\t\t<\/div>\n\t\t\t\t<\/div>\n\t\t\t\t\t<\/div>\n\t\t<\/div>\n\t\t\t\t\t<\/div>\n\t\t<\/section>\n\t\t\t\t<section class=\"elementor-section elementor-top-section elementor-element elementor-element-1b581ada elementor-section-boxed elementor-section-height-default elementor-section-height-default\" data-id=\"1b581ada\" data-element_type=\"section\" data-settings=\"{&quot;jet_parallax_layout_list&quot;:[{&quot;jet_parallax_layout_image&quot;:{&quot;url&quot;:&quot;&quot;,&quot;id&quot;:&quot;&quot;,&quot;size&quot;:&quot;&quot;},&quot;_id&quot;:&quot;87a8728&quot;,&quot;jet_parallax_layout_image_tablet&quot;:{&quot;url&quot;:&quot;&quot;,&quot;id&quot;:&quot;&quot;,&quot;size&quot;:&quot;&quot;},&quot;jet_parallax_layout_image_mobile&quot;:{&quot;url&quot;:&quot;&quot;,&quot;id&quot;:&quot;&quot;,&quot;size&quot;:&quot;&quot;},&quot;jet_parallax_layout_speed&quot;:{&quot;unit&quot;:&quot;%&quot;,&quot;size&quot;:50,&quot;sizes&quot;:[]},&quot;jet_parallax_layout_type&quot;:&quot;scroll&quot;,&quot;jet_parallax_layout_direction&quot;:null,&quot;jet_parallax_layout_fx_direction&quot;:null,&quot;jet_parallax_layout_z_index&quot;:&quot;&quot;,&quot;jet_parallax_layout_bg_x&quot;:50,&quot;jet_parallax_layout_bg_x_tablet&quot;:&quot;&quot;,&quot;jet_parallax_layout_bg_x_mobile&quot;:&quot;&quot;,&quot;jet_parallax_layout_bg_y&quot;:50,&quot;jet_parallax_layout_bg_y_tablet&quot;:&quot;&quot;,&quot;jet_parallax_layout_bg_y_mobile&quot;:&quot;&quot;,&quot;jet_parallax_layout_bg_size&quot;:&quot;auto&quot;,&quot;jet_parallax_layout_bg_size_tablet&quot;:&quot;&quot;,&quot;jet_parallax_layout_bg_size_mobile&quot;:&quot;&quot;,&quot;jet_parallax_layout_animation_prop&quot;:&quot;transform&quot;,&quot;jet_parallax_layout_on&quot;:[&quot;desktop&quot;,&quot;tablet&quot;]}]}\">\n\t\t\t\t\t\t<div class=\"elementor-container elementor-column-gap-default\">\n\t\t\t\t\t<div class=\"elementor-column elementor-col-100 elementor-top-column elementor-element elementor-element-66978a4b\" data-id=\"66978a4b\" data-element_type=\"column\">\n\t\t\t<div class=\"elementor-widget-wrap elementor-element-populated\">\n\t\t\t\t\t\t\t<\/div>\n\t\t<\/div>\n\t\t\t\t\t<\/div>\n\t\t<\/section>\n\t\t\t\t<\/div>\n\t\t","protected":false},"excerpt":{"rendered":"<p>For this holiday video, the couple was treated to a personalized and charming concert in the heart of the Eleva complex.<\/p>\n","protected":false},"author":7,"featured_media":1933,"comment_status":"open","ping_status":"open","sticky":false,"template":"","format":"standard","meta":{"_acf_changed":false,"footnotes":""},"categories":[1],"tags":[],"class_list":["post-1931","post","type-post","status-publish","format-standard","has-post-thumbnail","hentry","category-non-classifiee"],"acf":[],"yoast_head":"<!-- This site is optimized with the Yoast SEO plugin v25.8 - https:\/\/yoast.com\/wordpress\/plugins\/seo\/ -->\n<title>A colourful Christmas concert - ELEVA | Rental condos in Montreal<\/title>\n<meta name=\"description\" content=\"For this holiday video, the couple was treated to a personalized and charming concert in the heart of the Eleva complex.\" \/>\n<meta name=\"robots\" content=\"index, follow, max-snippet:-1, max-image-preview:large, max-video-preview:-1\" \/>\n<link rel=\"canonical\" href=\"https:\/\/elevamontreal.com\/un-concert-aux-couleurs-de-noel\/\" \/>\n<meta property=\"og:locale\" content=\"en_US\" \/>\n<meta property=\"og:type\" content=\"article\" \/>\n<meta property=\"og:title\" content=\"A colourful Christmas concert - ELEVA | Rental condos in Montreal\" \/>\n<meta property=\"og:description\" content=\"For this holiday video, the couple was treated to a personalized and charming concert in the heart of the Eleva complex.\" \/>\n<meta property=\"og:url\" content=\"https:\/\/elevamontreal.com\/un-concert-aux-couleurs-de-noel\/\" \/>\n<meta property=\"og:site_name\" content=\"ELEVA | Rental condos in Montreal\" \/>\n<meta property=\"article:published_time\" content=\"2022-12-16T15:33:53+00:00\" \/>\n<meta property=\"article:modified_time\" content=\"2022-12-16T15:34:36+00:00\" \/>\n<meta property=\"og:image\" content=\"https:\/\/elevamontreal.com\/wp-content\/uploads\/2022\/12\/IreneGilles_cover.jpg\" \/>\n\t<meta property=\"og:image:width\" content=\"1198\" \/>\n\t<meta property=\"og:image:height\" content=\"673\" \/>\n\t<meta property=\"og:image:type\" content=\"image\/jpeg\" \/>\n<meta name=\"author\" content=\"marketing\" \/>\n<meta name=\"twitter:card\" content=\"summary_large_image\" \/>\n<meta name=\"twitter:label1\" content=\"Written by\" \/>\n\t<meta name=\"twitter:data1\" content=\"marketing\" \/>\n\t<meta name=\"twitter:label2\" content=\"Est. reading time\" \/>\n\t<meta name=\"twitter:data2\" content=\"1 minute\" \/>\n<script type=\"application\/ld+json\" class=\"yoast-schema-graph\">{\"@context\":\"https:\/\/schema.org\",\"@graph\":[{\"@type\":\"Article\",\"@id\":\"https:\/\/elevamontreal.com\/un-concert-aux-couleurs-de-noel\/#article\",\"isPartOf\":{\"@id\":\"https:\/\/elevamontreal.com\/un-concert-aux-couleurs-de-noel\/\"},\"author\":{\"name\":\"marketing\",\"@id\":\"https:\/\/elevamontreal.com\/#\/schema\/person\/e2db07d736a4b56892406fe3d9c914c3\"},\"headline\":\"A colourful Christmas concert\",\"datePublished\":\"2022-12-16T15:33:53+00:00\",\"dateModified\":\"2022-12-16T15:34:36+00:00\",\"mainEntityOfPage\":{\"@id\":\"https:\/\/elevamontreal.com\/un-concert-aux-couleurs-de-noel\/\"},\"wordCount\":124,\"commentCount\":0,\"publisher\":{\"@id\":\"https:\/\/elevamontreal.com\/#organization\"},\"image\":{\"@id\":\"https:\/\/elevamontreal.com\/un-concert-aux-couleurs-de-noel\/#primaryimage\"},\"thumbnailUrl\":\"https:\/\/elevamontreal.com\/wp-content\/uploads\/2022\/12\/IreneGilles_cover.jpg\",\"articleSection\":[\"Non classifi\u00e9(e)\"],\"inLanguage\":\"en-CA\",\"potentialAction\":[{\"@type\":\"CommentAction\",\"name\":\"Comment\",\"target\":[\"https:\/\/elevamontreal.com\/un-concert-aux-couleurs-de-noel\/#respond\"]}]},{\"@type\":\"WebPage\",\"@id\":\"https:\/\/elevamontreal.com\/un-concert-aux-couleurs-de-noel\/\",\"url\":\"https:\/\/elevamontreal.com\/un-concert-aux-couleurs-de-noel\/\",\"name\":\"A colourful Christmas concert - ELEVA | Rental condos in Montreal\",\"isPartOf\":{\"@id\":\"https:\/\/elevamontreal.com\/#website\"},\"primaryImageOfPage\":{\"@id\":\"https:\/\/elevamontreal.com\/un-concert-aux-couleurs-de-noel\/#primaryimage\"},\"image\":{\"@id\":\"https:\/\/elevamontreal.com\/un-concert-aux-couleurs-de-noel\/#primaryimage\"},\"thumbnailUrl\":\"https:\/\/elevamontreal.com\/wp-content\/uploads\/2022\/12\/IreneGilles_cover.jpg\",\"datePublished\":\"2022-12-16T15:33:53+00:00\",\"dateModified\":\"2022-12-16T15:34:36+00:00\",\"description\":\"For this holiday video, the couple was treated to a personalized and charming concert in the heart of the Eleva complex.\",\"breadcrumb\":{\"@id\":\"https:\/\/elevamontreal.com\/un-concert-aux-couleurs-de-noel\/#breadcrumb\"},\"inLanguage\":\"en-CA\",\"potentialAction\":[{\"@type\":\"ReadAction\",\"target\":[\"https:\/\/elevamontreal.com\/un-concert-aux-couleurs-de-noel\/\"]}]},{\"@type\":\"ImageObject\",\"inLanguage\":\"en-CA\",\"@id\":\"https:\/\/elevamontreal.com\/un-concert-aux-couleurs-de-noel\/#primaryimage\",\"url\":\"https:\/\/elevamontreal.com\/wp-content\/uploads\/2022\/12\/IreneGilles_cover.jpg\",\"contentUrl\":\"https:\/\/elevamontreal.com\/wp-content\/uploads\/2022\/12\/IreneGilles_cover.jpg\",\"width\":1198,\"height\":673},{\"@type\":\"BreadcrumbList\",\"@id\":\"https:\/\/elevamontreal.com\/un-concert-aux-couleurs-de-noel\/#breadcrumb\",\"itemListElement\":[{\"@type\":\"ListItem\",\"position\":1,\"name\":\"Accueil\",\"item\":\"https:\/\/elevamontreal.com\/\"},{\"@type\":\"ListItem\",\"position\":2,\"name\":\"A colourful Christmas concert\"}]},{\"@type\":\"WebSite\",\"@id\":\"https:\/\/elevamontreal.com\/#website\",\"url\":\"https:\/\/elevamontreal.com\/\",\"name\":\"ELEVA | Rental condos in Montreal\",\"description\":\"\",\"publisher\":{\"@id\":\"https:\/\/elevamontreal.com\/#organization\"},\"potentialAction\":[{\"@type\":\"SearchAction\",\"target\":{\"@type\":\"EntryPoint\",\"urlTemplate\":\"https:\/\/elevamontreal.com\/?s={search_term_string}\"},\"query-input\":{\"@type\":\"PropertyValueSpecification\",\"valueRequired\":true,\"valueName\":\"search_term_string\"}}],\"inLanguage\":\"en-CA\"},{\"@type\":\"Organization\",\"@id\":\"https:\/\/elevamontreal.com\/#organization\",\"name\":\"ELEVA | Rental condos in Montreal\",\"url\":\"https:\/\/elevamontreal.com\/\",\"logo\":{\"@type\":\"ImageObject\",\"inLanguage\":\"en-CA\",\"@id\":\"https:\/\/elevamontreal.com\/#\/schema\/logo\/image\/\",\"url\":\"https:\/\/elevamontreal.com\/wp-content\/uploads\/2020\/05\/Logo-Eleva.png\",\"contentUrl\":\"https:\/\/elevamontreal.com\/wp-content\/uploads\/2020\/05\/Logo-Eleva.png\",\"width\":164,\"height\":50,\"caption\":\"ELEVA | Rental condos in Montreal\"},\"image\":{\"@id\":\"https:\/\/elevamontreal.com\/#\/schema\/logo\/image\/\"}},{\"@type\":\"Person\",\"@id\":\"https:\/\/elevamontreal.com\/#\/schema\/person\/e2db07d736a4b56892406fe3d9c914c3\",\"name\":\"marketing\",\"image\":{\"@type\":\"ImageObject\",\"inLanguage\":\"en-CA\",\"@id\":\"https:\/\/elevamontreal.com\/#\/schema\/person\/image\/\",\"url\":\"https:\/\/secure.gravatar.com\/avatar\/cbe1fb036dbb8a873c8ab2cd87013bf1e646cd9f1b89b0e3750319bab8e450af?s=96&d=mm&r=g\",\"contentUrl\":\"https:\/\/secure.gravatar.com\/avatar\/cbe1fb036dbb8a873c8ab2cd87013bf1e646cd9f1b89b0e3750319bab8e450af?s=96&d=mm&r=g\",\"caption\":\"marketing\"}}]}<\/script>\n<!-- \/ Yoast SEO plugin. -->","yoast_head_json":{"title":"A colourful Christmas concert - ELEVA | Rental condos in Montreal","description":"For this holiday video, the couple was treated to a personalized and charming concert in the heart of the Eleva complex.","robots":{"index":"index","follow":"follow","max-snippet":"max-snippet:-1","max-image-preview":"max-image-preview:large","max-video-preview":"max-video-preview:-1"},"canonical":"https:\/\/elevamontreal.com\/un-concert-aux-couleurs-de-noel\/","og_locale":"en_US","og_type":"article","og_title":"A colourful Christmas concert - ELEVA | Rental condos in Montreal","og_description":"For this holiday video, the couple was treated to a personalized and charming concert in the heart of the Eleva complex.","og_url":"https:\/\/elevamontreal.com\/un-concert-aux-couleurs-de-noel\/","og_site_name":"ELEVA | Rental condos in Montreal","article_published_time":"2022-12-16T15:33:53+00:00","article_modified_time":"2022-12-16T15:34:36+00:00","og_image":[{"width":1198,"height":673,"url":"https:\/\/elevamontreal.com\/wp-content\/uploads\/2022\/12\/IreneGilles_cover.jpg","type":"image\/jpeg"}],"author":"marketing","twitter_card":"summary_large_image","twitter_misc":{"Written by":"marketing","Est. reading time":"1 minute"},"schema":{"@context":"https:\/\/schema.org","@graph":[{"@type":"Article","@id":"https:\/\/elevamontreal.com\/un-concert-aux-couleurs-de-noel\/#article","isPartOf":{"@id":"https:\/\/elevamontreal.com\/un-concert-aux-couleurs-de-noel\/"},"author":{"name":"marketing","@id":"https:\/\/elevamontreal.com\/#\/schema\/person\/e2db07d736a4b56892406fe3d9c914c3"},"headline":"A colourful Christmas concert","datePublished":"2022-12-16T15:33:53+00:00","dateModified":"2022-12-16T15:34:36+00:00","mainEntityOfPage":{"@id":"https:\/\/elevamontreal.com\/un-concert-aux-couleurs-de-noel\/"},"wordCount":124,"commentCount":0,"publisher":{"@id":"https:\/\/elevamontreal.com\/#organization"},"image":{"@id":"https:\/\/elevamontreal.com\/un-concert-aux-couleurs-de-noel\/#primaryimage"},"thumbnailUrl":"https:\/\/elevamontreal.com\/wp-content\/uploads\/2022\/12\/IreneGilles_cover.jpg","articleSection":["Non classifi\u00e9(e)"],"inLanguage":"en-CA","potentialAction":[{"@type":"CommentAction","name":"Comment","target":["https:\/\/elevamontreal.com\/un-concert-aux-couleurs-de-noel\/#respond"]}]},{"@type":"WebPage","@id":"https:\/\/elevamontreal.com\/un-concert-aux-couleurs-de-noel\/","url":"https:\/\/elevamontreal.com\/un-concert-aux-couleurs-de-noel\/","name":"A colourful Christmas concert - ELEVA | Rental condos in Montreal","isPartOf":{"@id":"https:\/\/elevamontreal.com\/#website"},"primaryImageOfPage":{"@id":"https:\/\/elevamontreal.com\/un-concert-aux-couleurs-de-noel\/#primaryimage"},"image":{"@id":"https:\/\/elevamontreal.com\/un-concert-aux-couleurs-de-noel\/#primaryimage"},"thumbnailUrl":"https:\/\/elevamontreal.com\/wp-content\/uploads\/2022\/12\/IreneGilles_cover.jpg","datePublished":"2022-12-16T15:33:53+00:00","dateModified":"2022-12-16T15:34:36+00:00","description":"For this holiday video, the couple was treated to a personalized and charming concert in the heart of the Eleva complex.","breadcrumb":{"@id":"https:\/\/elevamontreal.com\/un-concert-aux-couleurs-de-noel\/#breadcrumb"},"inLanguage":"en-CA","potentialAction":[{"@type":"ReadAction","target":["https:\/\/elevamontreal.com\/un-concert-aux-couleurs-de-noel\/"]}]},{"@type":"ImageObject","inLanguage":"en-CA","@id":"https:\/\/elevamontreal.com\/un-concert-aux-couleurs-de-noel\/#primaryimage","url":"https:\/\/elevamontreal.com\/wp-content\/uploads\/2022\/12\/IreneGilles_cover.jpg","contentUrl":"https:\/\/elevamontreal.com\/wp-content\/uploads\/2022\/12\/IreneGilles_cover.jpg","width":1198,"height":673},{"@type":"BreadcrumbList","@id":"https:\/\/elevamontreal.com\/un-concert-aux-couleurs-de-noel\/#breadcrumb","itemListElement":[{"@type":"ListItem","position":1,"name":"Accueil","item":"https:\/\/elevamontreal.com\/"},{"@type":"ListItem","position":2,"name":"A colourful Christmas concert"}]},{"@type":"WebSite","@id":"https:\/\/elevamontreal.com\/#website","url":"https:\/\/elevamontreal.com\/","name":"ELEVA | Rental condos in Montreal","description":"","publisher":{"@id":"https:\/\/elevamontreal.com\/#organization"},"potentialAction":[{"@type":"SearchAction","target":{"@type":"EntryPoint","urlTemplate":"https:\/\/elevamontreal.com\/?s={search_term_string}"},"query-input":{"@type":"PropertyValueSpecification","valueRequired":true,"valueName":"search_term_string"}}],"inLanguage":"en-CA"},{"@type":"Organization","@id":"https:\/\/elevamontreal.com\/#organization","name":"ELEVA | Rental condos in Montreal","url":"https:\/\/elevamontreal.com\/","logo":{"@type":"ImageObject","inLanguage":"en-CA","@id":"https:\/\/elevamontreal.com\/#\/schema\/logo\/image\/","url":"https:\/\/elevamontreal.com\/wp-content\/uploads\/2020\/05\/Logo-Eleva.png","contentUrl":"https:\/\/elevamontreal.com\/wp-content\/uploads\/2020\/05\/Logo-Eleva.png","width":164,"height":50,"caption":"ELEVA | Rental condos in Montreal"},"image":{"@id":"https:\/\/elevamontreal.com\/#\/schema\/logo\/image\/"}},{"@type":"Person","@id":"https:\/\/elevamontreal.com\/#\/schema\/person\/e2db07d736a4b56892406fe3d9c914c3","name":"marketing","image":{"@type":"ImageObject","inLanguage":"en-CA","@id":"https:\/\/elevamontreal.com\/#\/schema\/person\/image\/","url":"https:\/\/secure.gravatar.com\/avatar\/cbe1fb036dbb8a873c8ab2cd87013bf1e646cd9f1b89b0e3750319bab8e450af?s=96&d=mm&r=g","contentUrl":"https:\/\/secure.gravatar.com\/avatar\/cbe1fb036dbb8a873c8ab2cd87013bf1e646cd9f1b89b0e3750319bab8e450af?s=96&d=mm&r=g","caption":"marketing"}}]}},"_links":{"self":[{"href":"https:\/\/elevamontreal.com\/en\/wp-json\/wp\/v2\/posts\/1931","targetHints":{"allow":["GET"]}}],"collection":[{"href":"https:\/\/elevamontreal.com\/en\/wp-json\/wp\/v2\/posts"}],"about":[{"href":"https:\/\/elevamontreal.com\/en\/wp-json\/wp\/v2\/types\/post"}],"author":[{"embeddable":true,"href":"https:\/\/elevamontreal.com\/en\/wp-json\/wp\/v2\/users\/7"}],"replies":[{"embeddable":true,"href":"https:\/\/elevamontreal.com\/en\/wp-json\/wp\/v2\/comments?post=1931"}],"version-history":[{"count":0,"href":"https:\/\/elevamontreal.com\/en\/wp-json\/wp\/v2\/posts\/1931\/revisions"}],"wp:featuredmedia":[{"embeddable":true,"href":"https:\/\/elevamontreal.com\/en\/wp-json\/wp\/v2\/media\/1933"}],"wp:attachment":[{"href":"https:\/\/elevamontreal.com\/en\/wp-json\/wp\/v2\/media?parent=1931"}],"wp:term":[{"taxonomy":"category","embeddable":true,"href":"https:\/\/elevamontreal.com\/en\/wp-json\/wp\/v2\/categories?post=1931"},{"taxonomy":"post_tag","embeddable":true,"href":"https:\/\/elevamontreal.com\/en\/wp-json\/wp\/v2\/tags?post=1931"}],"curies":[{"name":"wp","href":"https:\/\/api.w.org\/{rel}","templated":true}]}}